{"id":122,"date":"2020-04-15T13:44:16","date_gmt":"2020-04-15T11:44:16","guid":{"rendered":"http:\/\/oticl.org\/?p=122"},"modified":"2020-04-16T13:03:51","modified_gmt":"2020-04-16T11:03:51","slug":"23-wrzesnia-2019-roku-podpisanie-aneksu-nr-2-do-porozumienia-operatorow-terminali","status":"publish","type":"post","link":"http:\/\/oticl.org\/index.php\/2020\/04\/15\/23-wrzesnia-2019-roku-podpisanie-aneksu-nr-2-do-porozumienia-operatorow-terminali\/","title":{"rendered":"23 wrze\u015bnia 2019 roku podpisanie Aneksu nr 2 do Porozumienia Operator\u00f3w Terminali"},"content":{"rendered":"\n<p><strong>w przededniu rozpocz\u0119cia 13. Mi\u0119dzynarodowych Targ\u00f3w Kolejowych TRAKO, do Porozumienia o wsp\u00f3\u0142pracy Operator\u00f3w Terminali Prze\u0142adunkowych i Centr\u00f3w Logistycznych Europy \u015arodkowo-Wschodniej do\u0142\u0105czyli kolejni sygnatariusze, w tym Koleje Litewskie.<\/strong><\/p>\n\n\n\n<p>Po podpisaniu Aneksu nr 2, kt\u00f3ry miedzy innymi w\u0142\u0105cza kolejne firmy, w ramach Porozumienia Operator\u00f3w Terminali dzia\u0142a od tej chwili ju\u017c 19 podmiot\u00f3w.<\/p>\n\n\n\n<p>23 wrze\u015bnia 2019 r. do inicjatywy do\u0142\u0105czy\u0142y Koleje Litewskie, sp\u00f3\u0142ka AB LG CARGO \u2013 litewski kolejowy przewo\u017anik towarowy, do kt\u00f3rego nale\u017c\u0105 m.in. terminale prze\u0142adunkowe w Wilnie i Kownie oraz przedsi\u0119biorstwo Spedycja Polska SPEDCONT Sp. z o.o., kt\u00f3re dynamicznie dzia\u0142a na polskim rynku przewoz\u00f3w intermodalnych i posiada terminal kontenerowy w \u0141odzi.<\/p>\n\n\n\n<p>Litewski przewo\u017anik to kolejny po AWT \u2013 przewo\u017aniku kolejowym i operatorze terminalowym z Czech \u2013 partner zagraniczny. Partnerskie relacje, wsp\u00f3lnego dzia\u0142ania ju\u017c teraz przynosz\u0105 wymierne korzy\u015bci, zar\u00f3wno dla sygnatariuszy Porozumienia, jak i dla klient\u00f3w us\u0142ug logistycznych.<\/p>\n\n\n\n<p class=\"has-text-align-left\">\u2013 <em>Na rynkach Europy Zachodniej od wielu lat mo\u017cna zaobserwowa\u0107 funkcjonowanie r\u00f3\u017cnych form integracji podmiot\u00f3w dzia\u0142aj\u0105cych w obszarze TSL. Taka oddolna wsp\u00f3\u0142praca odbywa si\u0119 z licznymi korzy\u015bciami dla jej uczestnik\u00f3w. Firmy wymieniaj\u0105 si\u0119 do\u015bwiadczeniem, rozwijaj\u0105 nowe technologie, lobbuj\u0105 za regulacjami, kt\u00f3re wspieraj\u0105 i promuj\u0105 ekologiczne formy transportu oraz funkcjonowanie ich przedsi\u0119biorstw na konkurencyjnym rynku us\u0142ug logistycznych. Nasze Porozumienie jest w\u0142a\u015bnie takim wsp\u00f3lnym eksperckim \u201eg\u0142osem&#8221; promuj\u0105cym rozw\u00f3j transportu intermodalnego oraz wi\u0119kszej integracji poszczeg\u00f3lnych ogniw w \u0142a\u0144cuchach dostaw <\/em>\u2013 podkre\u015bli\u0142 &nbsp;dr Miros\u0142aw Antonowicz, cz\u0142onek zarz\u0105du PKP S.A. \u2013 <em>Cieszy nas fakt, \u017ce zyskali\u015bmy nowych partner\u00f3w, z kt\u00f3rymi wsp\u00f3lnie zamierzamy budowa\u0107 konkurencyjn\u0105 pozycj\u0119 bran\u017cy TSL w Europie \u015arodkowo-Wschodniej<\/em> \u2013 doda\u0142.<\/p>\n\n\n\n<p>W maju 2018 r. Porozumienie podpisa\u0142o 11 sygnatariuszy. Kilka miesi\u0119cy p\u00f3\u017aniej, w sierpniu, do przedsi\u0119wzi\u0119cia przyst\u0105pi\u0142o 6 kolejnych podmiot\u00f3w. Po podpisaniu Aneksu nr 2 w ramach Porozumienia Operator\u00f3w Terminali dzia\u0142a ju\u017c 19 podmiot\u00f3w. S\u0105 to :<\/p>\n\n\n\n<ul><li>Euroterminal S\u0142awk\u00f3w sp. z o.o.,<\/li><li>Logit T.J. Kowalewski i Wsp\u00f3lnicy sp. j.,<\/li><li>PKP CARGO Centrum Logistyczne Ma\u0142aszewicze sp. z o.o.,<\/li><li>PKP CARGO Centrum Logistyczne w Medyka \u2013 \u017burawica sp. z o.o., (obecnie PKP CARGO TERMINALE sp. z o. o.),<\/li><li>PKP Linia Hutnicza Szerokotorowa sp. z o.o.,<\/li><li>Polskie Koleje Pa\u0144stwowe S.A.,<\/li><li>\u015al\u0105skie Centrum Logistyki S.A.,<\/li><li>Terminale Prze\u0142adunkowe S\u0142awk\u00f3w \u2013 Medyka sp. z o.o.,<\/li><li>Wielkopolskie Centrum Logistyczne Konin \u2013 Stare Miasto S.A.,<\/li><li>Zarz\u0105d Morskiego Portu Gdynia S.A.,<\/li><li>Zarz\u0105d Morskich Port\u00f3w Szczecin i \u015awinouj\u015bcie S.A.<\/li><li>PKP CARGO CONNECT Sp. z o.o.,<\/li><li>Ba\u0142tycki Terminal Kontenerowy Sp. z o.o.,<\/li><li>Advanced World Transport a.s. (Grupa PKP CARGO),<\/li><li>Zarz\u0105d Portu Morskiego Elbl\u0105g Sp. z o.o.,<\/li><li>Zarz\u0105d Portu Morskiego Ko\u0142obrzeg Sp\u00f3\u0142ka z o.o.,<\/li><li>Zarz\u0105d Morskiego Portu Police Sp. z o.o.,<\/li><li>AB LG CARGO (Koleje Litewskie),<\/li><li>Spedycja Polska SPEDCONT Sp. z o.o.<\/li><\/ul>\n\n\n\n<figure class=\"wp-block-image size-large\"><img loading=\"lazy\" width=\"1024\" height=\"683\" src=\"http:\/\/oticl.org\/wp-content\/uploads\/2020\/04\/Aneks_2_1_-1024x683.jpg\" alt=\"\" class=\"wp-image-124\" srcset=\"http:\/\/oticl.org\/wp-content\/uploads\/2020\/04\/Aneks_2_1_-1024x683.jpg 1024w, http:\/\/oticl.org\/wp-content\/uploads\/2020\/04\/Aneks_2_1_-300x200.jpg 300w, http:\/\/oticl.org\/wp-content\/uploads\/2020\/04\/Aneks_2_1_-768x512.jpg 768w, http:\/\/oticl.org\/wp-content\/uploads\/2020\/04\/Aneks_2_1_.jpg 1509w\" sizes=\"(max-width: 1024px) 100vw, 1024px\" \/><\/figure>\n\n\n\n<figure class=\"wp-block-image size-large\"><img loading=\"lazy\" width=\"1024\" height=\"576\" src=\"http:\/\/oticl.org\/wp-content\/uploads\/2020\/04\/aneks_2_4-1024x576.jpg\" alt=\"\" class=\"wp-image-126\" srcset=\"http:\/\/oticl.org\/wp-content\/uploads\/2020\/04\/aneks_2_4-1024x576.jpg 1024w, http:\/\/oticl.org\/wp-content\/uploads\/2020\/04\/aneks_2_4-300x169.jpg 300w, http:\/\/oticl.org\/wp-content\/uploads\/2020\/04\/aneks_2_4-768x432.jpg 768w, http:\/\/oticl.org\/wp-content\/uploads\/2020\/04\/aneks_2_4-1536x864.jpg 1536w, http:\/\/oticl.org\/wp-content\/uploads\/2020\/04\/aneks_2_4-2048x1152.jpg 2048w\" sizes=\"(max-width: 1024px) 100vw, 1024px\" \/><\/figure>\n\n\n\n<figure class=\"wp-block-image size-large\"><img loading=\"lazy\" width=\"1024\" height=\"768\" src=\"http:\/\/oticl.org\/wp-content\/uploads\/2020\/04\/aneks_2_3_-1024x768.jpg\" alt=\"\" class=\"wp-image-125\" srcset=\"http:\/\/oticl.org\/wp-content\/uploads\/2020\/04\/aneks_2_3_-1024x768.jpg 1024w, http:\/\/oticl.org\/wp-content\/uploads\/2020\/04\/aneks_2_3_-300x225.jpg 300w, http:\/\/oticl.org\/wp-content\/uploads\/2020\/04\/aneks_2_3_-768x576.jpg 768w, http:\/\/oticl.org\/wp-content\/uploads\/2020\/04\/aneks_2_3_-1536x1152.jpg 1536w, http:\/\/oticl.org\/wp-content\/uploads\/2020\/04\/aneks_2_3_-2048x1536.jpg 2048w\" sizes=\"(max-width: 1024px) 100vw, 1024px\" \/><\/figure>\n\n\n\n<figure class=\"wp-block-image size-large is-resized\"><img loading=\"lazy\" src=\"http:\/\/oticl.org\/wp-content\/uploads\/2020\/04\/pot2.png\" alt=\"\" class=\"wp-image-156\" width=\"362\" height=\"319\" srcset=\"http:\/\/oticl.org\/wp-content\/uploads\/2020\/04\/pot2.png 591w, http:\/\/oticl.org\/wp-content\/uploads\/2020\/04\/pot2-300x264.png 300w\" sizes=\"(max-width: 362px) 100vw, 362px\" \/><\/figure>\n","protected":false},"excerpt":{"rendered":"<p>w przededniu rozpocz\u0119cia 13. Mi\u0119dzynarodowych Targ\u00f3w Kolejowych TRAKO, do Porozumienia o wsp\u00f3\u0142pracy Operator\u00f3w Terminali Prze\u0142adunkowych i Centr\u00f3w Logistycznych Europy \u015arodkowo-Wschodniej do\u0142\u0105czyli kolejni sygnatariusze, w tym Koleje Litewskie. Po podpisaniu Aneksu nr 2, kt\u00f3ry miedzy innymi w\u0142\u0105cza kolejne firmy, w ramach Porozumienia Operator\u00f3w Terminali dzia\u0142a od tej chwili ju\u017c 19 podmiot\u00f3w. 23 wrze\u015bnia 2019 r. do &#8230; <a title=\"23 wrze\u015bnia 2019 roku podpisanie Aneksu nr 2 do Porozumienia Operator\u00f3w Terminali\" class=\"read-more\" href=\"http:\/\/oticl.org\/index.php\/2020\/04\/15\/23-wrzesnia-2019-roku-podpisanie-aneksu-nr-2-do-porozumienia-operatorow-terminali\/\" aria-label=\"More on 23 wrze\u015bnia 2019 roku podpisanie Aneksu nr 2 do Porozumienia Operator\u00f3w Terminali\">Czytaj dalej<\/a><\/p>\n","protected":false},"author":1,"featured_media":123,"comment_status":"closed","ping_status":"closed","sticky":false,"template":"","format":"standard","meta":[],"categories":[3],"tags":[],"_links":{"self":[{"href":"http:\/\/oticl.org\/index.php\/wp-json\/wp\/v2\/posts\/122"}],"collection":[{"href":"http:\/\/oticl.org\/index.php\/wp-json\/wp\/v2\/posts"}],"about":[{"href":"http:\/\/oticl.org\/index.php\/wp-json\/wp\/v2\/types\/post"}],"author":[{"embeddable":true,"href":"http:\/\/oticl.org\/index.php\/wp-json\/wp\/v2\/users\/1"}],"replies":[{"embeddable":true,"href":"http:\/\/oticl.org\/index.php\/wp-json\/wp\/v2\/comments?post=122"}],"version-history":[{"count":3,"href":"http:\/\/oticl.org\/index.php\/wp-json\/wp\/v2\/posts\/122\/revisions"}],"predecessor-version":[{"id":166,"href":"http:\/\/oticl.org\/index.php\/wp-json\/wp\/v2\/posts\/122\/revisions\/166"}],"wp:featuredmedia":[{"embeddable":true,"href":"http:\/\/oticl.org\/index.php\/wp-json\/wp\/v2\/media\/123"}],"wp:attachment":[{"href":"http:\/\/oticl.org\/index.php\/wp-json\/wp\/v2\/media?parent=122"}],"wp:term":[{"taxonomy":"category","embeddable":true,"href":"http:\/\/oticl.org\/index.php\/wp-json\/wp\/v2\/categories?post=122"},{"taxonomy":"post_tag","embeddable":true,"href":"http:\/\/oticl.org\/index.php\/wp-json\/wp\/v2\/tags?post=122"}],"curies":[{"name":"wp","href":"https:\/\/api.w.org\/{rel}","templated":true}]}}